{"id":548,"date":"2021-11-03T09:44:00","date_gmt":"2021-11-03T08:44:00","guid":{"rendered":"https:\/\/www.shiatsu-equin-humain.fr\/?p=548"},"modified":"2022-06-03T09:49:36","modified_gmt":"2022-06-03T07:49:36","slug":"shiatsu-madeleine","status":"publish","type":"post","link":"https:\/\/www.shiatsu-equin-humain.fr\/index.php\/2021\/11\/03\/shiatsu-madeleine\/","title":{"rendered":"Shiatsu-madeleine"},"content":{"rendered":"\n<p>Apr\u00e8s des shiatsus dans le Rh\u00f4ne lundi, hier c&rsquo;\u00e9tait Loire et Allier. <br><br>Le cheval bourbonnais, bois en d\u00e9s\u00e9quilibre<img loading=\"lazy\" decoding=\"async\" alt=\"\ud83d\ude21\" src=\"https:\/\/static.xx.fbcdn.net\/images\/emoji.php\/v9\/t8d\/1\/16\/1f621.png\" width=\"16\" height=\"16\">, m&rsquo;a fait sortir de ma zone de confort, mais aussi r\u00e9viser les m\u00e9ridiens de substitution. Rien ne sert de se mettre en danger. Rien ne sert de mettre le cheval dans le rouge.<br><br>Je n&rsquo;ai pas pour habitude de me d\u00e9placer si loin (3h de chez moi) mais ce d\u00e9placement hors de ma zone m&rsquo;a ravi. J&rsquo;en ai profit\u00e9 pour aller prendre le th\u00e9 avec une vieille amie de 83 ans que je n&rsquo;avais pas vu depuis 17 ans et retourner sur les lieux des vacances de mon enfance. <br><br>Les tilleuls sont toujours aussi beaux. Je suis donc plein de gratitude pour ce petit cheval qui m&rsquo;a permis de passer ce moment suspendu.<\/p>\n\n\n\n<figure class=\"wp-block-image size-full\"><img loading=\"lazy\" decoding=\"async\" width=\"526\" height=\"705\" src=\"https:\/\/www.shiatsu-equin-humain.fr\/wp-content\/uploads\/2022\/06\/broutvernet.jpg\" alt=\"\" class=\"wp-image-549\" srcset=\"https:\/\/www.shiatsu-equin-humain.fr\/wp-content\/uploads\/2022\/06\/broutvernet.jpg 526w, https:\/\/www.shiatsu-equin-humain.fr\/wp-content\/uploads\/2022\/06\/broutvernet-224x300.jpg 224w\" sizes=\"auto, (max-width: 526px) 100vw, 526px\" \/><\/figure>\n","protected":false},"excerpt":{"rendered":"<p>Apr\u00e8s des shiatsus dans le Rh\u00f4ne lundi, hier c&rsquo;\u00e9tait Loire et Allier. Le cheval bourbonnais, bois en d\u00e9s\u00e9quilibre, m&rsquo;a fait sortir de ma zone de confort, mais aussi r\u00e9viser les m\u00e9ridiens de substitution. Rien ne sert de se mettre en danger. Rien ne sert de mettre le cheval dans le rouge. Je n&rsquo;ai pas pour &hellip; <\/p>\n<p class=\"link-more\"><a href=\"https:\/\/www.shiatsu-equin-humain.fr\/index.php\/2021\/11\/03\/shiatsu-madeleine\/\" class=\"more-link\">Continuer la lecture<span class=\"screen-reader-text\"> de &laquo;&nbsp;Shiatsu-madeleine&nbsp;&raquo;<\/span><\/a><\/p>\n","protected":false},"author":2,"featured_media":0,"comment_status":"closed","ping_status":"closed","sticky":false,"template":"","format":"standard","meta":{"footnotes":""},"categories":[1],"tags":[],"class_list":["post-548","post","type-post","status-publish","format-standard","hentry","category-non-classe"],"_links":{"self":[{"href":"https:\/\/www.shiatsu-equin-humain.fr\/index.php\/wp-json\/wp\/v2\/posts\/548","targetHints":{"allow":["GET"]}}],"collection":[{"href":"https:\/\/www.shiatsu-equin-humain.fr\/index.php\/wp-json\/wp\/v2\/posts"}],"about":[{"href":"https:\/\/www.shiatsu-equin-humain.fr\/index.php\/wp-json\/wp\/v2\/types\/post"}],"author":[{"embeddable":true,"href":"https:\/\/www.shiatsu-equin-humain.fr\/index.php\/wp-json\/wp\/v2\/users\/2"}],"replies":[{"embeddable":true,"href":"https:\/\/www.shiatsu-equin-humain.fr\/index.php\/wp-json\/wp\/v2\/comments?post=548"}],"version-history":[{"count":2,"href":"https:\/\/www.shiatsu-equin-humain.fr\/index.php\/wp-json\/wp\/v2\/posts\/548\/revisions"}],"predecessor-version":[{"id":555,"href":"https:\/\/www.shiatsu-equin-humain.fr\/index.php\/wp-json\/wp\/v2\/posts\/548\/revisions\/555"}],"wp:attachment":[{"href":"https:\/\/www.shiatsu-equin-humain.fr\/index.php\/wp-json\/wp\/v2\/media?parent=548"}],"wp:term":[{"taxonomy":"category","embeddable":true,"href":"https:\/\/www.shiatsu-equin-humain.fr\/index.php\/wp-json\/wp\/v2\/categories?post=548"},{"taxonomy":"post_tag","embeddable":true,"href":"https:\/\/www.shiatsu-equin-humain.fr\/index.php\/wp-json\/wp\/v2\/tags?post=548"}],"curies":[{"name":"wp","href":"https:\/\/api.w.org\/{rel}","templated":true}]}}